{"id":157,"date":"2026-08-09T09:59:11","date_gmt":"2026-08-09T07:59:11","guid":{"rendered":"https:\/\/stage-in.fr\/blog\/?p=157"},"modified":"2026-08-09T09:59:11","modified_gmt":"2026-08-09T07:59:11","slug":"cv-premier-emploi-modele-et-rubriques-essentielles","status":"publish","type":"post","link":"https:\/\/stage-in.fr\/blog\/cv-premier-emploi-modele-et-rubriques-essentielles\/","title":{"rendered":"CV pour un premier emploi : mod\u00e8le et rubriques essentielles"},"content":{"rendered":"<p>Un bon CV pour un premier emploi tient g\u00e9n\u00e9ralement sur une page et r\u00e9pond vite \u00e0 trois questions : quel poste tu vises, ce que tu sais d\u00e9j\u00e0 faire et quelles exp\u00e9riences le prouvent. M\u00eame sans CDI \u00e0 ton actif, tes stages, ton alternance, tes projets d\u2019\u00e9tudes, tes jobs et tes engagements peuvent rendre ta candidature cr\u00e9dible. Le vrai travail consiste \u00e0 les s\u00e9lectionner et \u00e0 les d\u00e9crire avec des faits.<\/p>\n<h2>Le mod\u00e8le de CV pour un premier emploi<\/h2>\n<p>Pars d\u2019une structure sobre, puis adapte-la \u00e0 l\u2019offre. Pour un profil junior, l\u2019ordre ci-dessous fonctionne dans la plupart des cas. Tu peux n\u00e9anmoins placer tes exp\u00e9riences avant ta formation si un stage long, une alternance ou plusieurs jobs te rapprochent directement du poste.<\/p>\n<table>\n<thead>\n<tr>\n<th>Rubrique<\/th>\n<th>Ce qu\u2019elle doit contenir<\/th>\n<th>Place conseill\u00e9e<\/th>\n<\/tr>\n<\/thead>\n<tbody>\n<tr>\n<td>Coordonn\u00e9es<\/td>\n<td>Pr\u00e9nom, nom, t\u00e9l\u00e9phone, adresse e-mail, ville et lien professionnel utile<\/td>\n<td>En t\u00eate<\/td>\n<\/tr>\n<tr>\n<td>Titre<\/td>\n<td>Le poste r\u00e9ellement vis\u00e9, avec une sp\u00e9cialit\u00e9 si elle apporte une pr\u00e9cision<\/td>\n<td>Sous le nom<\/td>\n<\/tr>\n<tr>\n<td>Accroche<\/td>\n<td>Deux ou trois lignes sur ton profil, tes preuves principales et ta disponibilit\u00e9<\/td>\n<td>Avant le parcours<\/td>\n<\/tr>\n<tr>\n<td>Exp\u00e9riences et projets<\/td>\n<td>Stages, alternance, jobs, b\u00e9n\u00e9volat et projets avec actions et r\u00e9sultats<\/td>\n<td>Avant ou apr\u00e8s la formation selon leur poids<\/td>\n<\/tr>\n<tr>\n<td>Formation<\/td>\n<td>Dipl\u00f4mes r\u00e9cents, \u00e9tablissement, ville, ann\u00e9e et enseignements pertinents<\/td>\n<td>Dans la premi\u00e8re moiti\u00e9 du CV<\/td>\n<\/tr>\n<tr>\n<td>Comp\u00e9tences<\/td>\n<td>Outils, m\u00e9thodes, langues et savoir-faire que tu peux expliquer en entretien<\/td>\n<td>Apr\u00e8s le parcours<\/td>\n<\/tr>\n<tr>\n<td>Centres d\u2019int\u00e9r\u00eat<\/td>\n<td>Une ou deux activit\u00e9s pr\u00e9cises qui apportent une information<\/td>\n<td>En fin de page, si utile<\/td>\n<\/tr>\n<\/tbody>\n<\/table>\n<p>Ce mod\u00e8le compl\u00e8te le <a href=\"https:\/\/stage-in.fr\/blog\/premier-emploi-le-guide-pour-decrocher-son-premier-poste-et-bien-demarrer\/\">guide du premier emploi<\/a>, qui couvre aussi le ciblage des offres, l\u2019entretien et les d\u00e9buts dans l\u2019entreprise.<\/p>\n<h2>Les rubriques essentielles d\u2019un CV de premier emploi<\/h2>\n<h3>Des coordonn\u00e9es simples et professionnelles<\/h3>\n<p>Ton num\u00e9ro de t\u00e9l\u00e9phone et ton adresse e-mail doivent \u00eatre faciles \u00e0 rep\u00e9rer. Indiquer ta ville suffit le plus souvent pour situer ta mobilit\u00e9. Ajoute LinkedIn, un portfolio ou GitHub uniquement si le profil est \u00e0 jour et montre un travail utile pour le poste.<\/p>\n<p>\u00c9vite les informations sans rapport avec l\u2019emploi, comme ta situation familiale. <a href=\"https:\/\/www.service-public.fr\/particuliers\/vosdroits\/F1684\">Service-Public<\/a> rappelle que les informations demand\u00e9es pendant un recrutement doivent servir \u00e0 \u00e9valuer les comp\u00e9tences et avoir un lien direct avec le poste propos\u00e9.<\/p>\n<h3>Un titre pr\u00e9cis plut\u00f4t que \u00ab Curriculum vitae \u00bb<\/h3>\n<p>Le titre indique le poste recherch\u00e9 : \u00ab Assistant administratif junior \u00bb, \u00ab Technicien support informatique \u00bb ou \u00ab Charg\u00e9e de communication junior \u00bb. Si tu r\u00e9ponds \u00e0 une annonce, reprends son intitul\u00e9 lorsqu\u2019il correspond vraiment \u00e0 ton profil. \u00ab Recherche premier emploi \u00bb d\u00e9crit ta situation, pas la fonction que tu peux occuper.<\/p>\n<h3>Une accroche courte, avec une preuve<\/h3>\n<p>L\u2019accroche n\u2019est pas une lettre de motivation miniature. Elle doit pr\u00e9ciser ta formation ou ton exp\u00e9rience la plus pertinente, le poste vis\u00e9 et un atout concret.<\/p>\n<blockquote>\n<p>Dipl\u00f4m\u00e9e d\u2019un BUT techniques de commercialisation, avec six mois de stage en vente B2B et la pratique d\u2019un CRM. Je recherche un poste de commerciale junior \u00e0 Lyon \u00e0 partir de septembre.<\/p>\n<\/blockquote>\n<p>Supprime les qualit\u00e9s inv\u00e9rifiables telles que \u00ab motiv\u00e9, dynamique et s\u00e9rieux \u00bb. Une exp\u00e9rience, un outil ma\u00eetris\u00e9 ou une r\u00e9alisation donne au recruteur une base plus solide.<\/p>\n<h3>Des exp\u00e9riences d\u00e9crites par des actions<\/h3>\n<p>Un premier emploi ne signifie pas une premi\u00e8re exp\u00e9rience. Stage, alternance, job \u00e9tudiant, service civique, b\u00e9n\u00e9volat et projet collectif ont leur place s\u2019ils \u00e9clairent ta capacit\u00e9 \u00e0 tenir le poste. Pour chacun, indique le contexte, deux ou trois actions pr\u00e9cises et, quand tu en as un, un r\u00e9sultat exact.<\/p>\n<p>Par exemple, remplace \u00ab aide \u00e0 la communication \u00bb par \u00ab pr\u00e9paration de huit publications LinkedIn et mise \u00e0 jour du calendrier \u00e9ditorial pendant un stage de six semaines \u00bb. Ne cr\u00e9e pas de chiffre pour impressionner. Un p\u00e9rim\u00e8tre honn\u00eate vaut mieux qu\u2019un faux r\u00e9sultat.<\/p>\n<p>Si tu n\u2019as encore aucune exp\u00e9rience en entreprise, le dossier <a href=\"https:\/\/stage-in.fr\/blog\/premier-cv-sans-experience\/\">premier CV sans exp\u00e9rience<\/a> montre comment exploiter les projets scolaires, les activit\u00e9s associatives et les r\u00e9alisations personnelles sans gonfler ton parcours.<\/p>\n<h3>Une formation lisible, mais pas envahissante<\/h3>\n<p>Pour chaque dipl\u00f4me r\u00e9cent, note l\u2019intitul\u00e9 exact, l\u2019\u00e9tablissement, la ville et l\u2019ann\u00e9e d\u2019obtention ou la date pr\u00e9vue. Ajoute deux \u00e0 quatre enseignements, projets ou options seulement s\u2019ils servent la candidature. Le brevet et les dipl\u00f4mes anciens peuvent dispara\u00eetre d\u00e8s qu\u2019une formation plus r\u00e9cente suffit \u00e0 comprendre ton niveau.<\/p>\n<h3>Des comp\u00e9tences que tu peux d\u00e9montrer<\/h3>\n<p>Regroupe les comp\u00e9tences par familles : outils, m\u00e9thodes, langues ou techniques m\u00e9tier. Pr\u00e9cise ton usage plut\u00f4t qu\u2019une jauge graphique ambigu\u00eb. \u00ab Excel : tableaux crois\u00e9s dynamiques utilis\u00e9s pour analyser une enqu\u00eate de 250 r\u00e9ponses \u00bb est plus parlant qu\u2019une barre remplie \u00e0 80 %.<\/p>\n<p>Pour les langues, utilise un niveau compr\u00e9hensible et justifiable, par exemple le Cadre europ\u00e9en de A1 \u00e0 C2, un test obtenu ou un contexte r\u00e9gulier de pratique. N\u2019inscris pas un outil simplement parce qu\u2019il appara\u00eet dans l\u2019offre : pr\u00e9pare-toi \u00e0 raconter quand et comment tu l\u2019as utilis\u00e9.<\/p>\n<h2>Comment adapter le CV \u00e0 une offre sans tout refaire<\/h2>\n<p>Avant de modifier ton document, surligne dans l\u2019annonce le poste, les trois missions principales, les outils demand\u00e9s et les contraintes concr\u00e8tes. Compare ensuite ces \u00e9l\u00e9ments \u00e0 ton parcours. La m\u00e9thode d\u00e9taill\u00e9e pour <a href=\"https:\/\/stage-in.fr\/blog\/comment-chercher-son-premier-emploi-apres-les-etudes\/\">chercher un premier emploi apr\u00e8s les \u00e9tudes<\/a> permet d\u2019abord de d\u00e9finir deux m\u00e9tiers cibles, ce qui \u00e9vite de fabriquer un CV diff\u00e9rent pour dix directions incompatibles.<\/p>\n<p>Pour chaque candidature :<\/p>\n<ul>\n<li>ajuste le titre et les deux ou trois lignes d\u2019accroche ;<\/li>\n<li>remonte l\u2019exp\u00e9rience ou le projet le plus proche des missions ;<\/li>\n<li>reprends le vocabulaire m\u00e9tier de l\u2019annonce lorsque tu ma\u00eetrises r\u00e9ellement la comp\u00e9tence ;<\/li>\n<li>retire les d\u00e9tails qui prennent de la place sans aider \u00e0 choisir ton profil ;<\/li>\n<li>enregistre une version PDF au nom clair, par exemple <code>prenom-nom-cv-assistant-commercial.pdf<\/code>.<\/li>\n<\/ul>\n<p><a href=\"https:\/\/www.francetravail.fr\/candidat\/vos-recherches\/preparer-votre-candidature\/cv-lettre-de-motivation-e-mail\/comment-rediger-un-cv-efficace-e.html\">France Travail<\/a> conseille notamment un document lisible sur diff\u00e9rents supports, des coordonn\u00e9es plac\u00e9es en haut et une pr\u00e9sentation a\u00e9r\u00e9e. Une mise en page cr\u00e9ative ne compense jamais un intitul\u00e9 flou ou une exp\u00e9rience mal expliqu\u00e9e.<\/p>\n<h2>Exemple de contenu \u00e0 adapter<\/h2>\n<p>Voici une trame pour une jeune dipl\u00f4m\u00e9e visant un poste d\u2019assistante de projet. Elle sert de rep\u00e8re, pas de texte \u00e0 recopier mot pour mot.<\/p>\n<ul>\n<li><strong>Titre :<\/strong> Assistante de projet junior<\/li>\n<li><strong>Accroche :<\/strong> Dipl\u00f4m\u00e9e d\u2019une licence AES, avec un stage de quatre mois en association. Pratique du suivi de planning, de la pr\u00e9paration de r\u00e9unions et d\u2019Excel. Disponible en octobre.<\/li>\n<li><strong>Exp\u00e9rience principale :<\/strong> Stagiaire coordination, Association X, f\u00e9vrier \u00e0 mai. Mise \u00e0 jour du planning de 12 intervenants, pr\u00e9paration des dossiers de r\u00e9union et suivi des r\u00e9ponses des partenaires.<\/li>\n<li><strong>Projet d\u2019\u00e9tudes :<\/strong> Organisation \u00e0 quatre d\u2019une collecte solidaire sur le campus : prise de contact avec les associations, communication et bilan de l\u2019op\u00e9ration.<\/li>\n<li><strong>Formation :<\/strong> Licence administration \u00e9conomique et sociale, universit\u00e9, ann\u00e9e d\u2019obtention. Projet tutor\u00e9 pertinent en une ligne.<\/li>\n<li><strong>Comp\u00e9tences :<\/strong> Excel, PowerPoint, suivi de planning, r\u00e9daction de comptes rendus, anglais B2 si ce niveau est v\u00e9rifiable.<\/li>\n<\/ul>\n<h2>La v\u00e9rification finale avant l\u2019envoi<\/h2>\n<p>Relis ton CV \u00e0 l\u2019\u00e9cran et sur t\u00e9l\u00e9phone. Le poste vis\u00e9, tes coordonn\u00e9es et ta meilleure preuve doivent appara\u00eetre imm\u00e9diatement. V\u00e9rifie ensuite les dates, les intitul\u00e9s de dipl\u00f4mes, les accords et chaque lien. Fais enfin relire le document par une personne qui conna\u00eet peu ton parcours : si elle comprend en quelques secondes le poste recherch\u00e9 et deux comp\u00e9tences fortes, la hi\u00e9rarchie fonctionne.<\/p>\n<p>Garde une version compl\u00e8te de ton parcours pour toi, puis envoie une version cibl\u00e9e. Pour un premier emploi, le meilleur CV n\u2019est pas celui qui remplit chaque centim\u00e8tre de la page. C\u2019est celui qui aide un recruteur \u00e0 relier rapidement une mission \u00e0 une preuve r\u00e9elle.<\/p>\n","protected":false},"excerpt":{"rendered":"<p>Construis un CV de premier emploi clair : ordre des rubriques, exemples d\u2019accroche et d\u2019exp\u00e9riences, mod\u00e8le \u00e0 adapter et erreurs \u00e0 \u00e9viter.<\/p>\n","protected":false},"author":1,"featured_media":156,"comment_status":"closed","ping_status":"closed","sticky":false,"template":"","format":"standard","meta":{"_seopress_titles_title":"CV premier emploi : mod\u00e8le et rubriques essentielles","_seopress_titles_desc":"Construis un CV de premier emploi clair : ordre des rubriques, exemples d\u2019accroche et d\u2019exp\u00e9riences, mod\u00e8le \u00e0 adapter et erreurs \u00e0 \u00e9viter.","_seopress_robots_index":"","_seopress_robots_follow":"","_seopress_robots_imageindex":"","_seopress_robots_snippet":"","_seopress_robots_primary_cat":"","_seopress_robots_breadcrumbs":"","_seopress_robots_freeze_modified_date":"","_seopress_robots_custom_modified_date":"","_seopress_robots_canonical":"","_seopress_social_fb_title":"","_seopress_social_fb_desc":"","_seopress_social_fb_img":"","_seopress_social_fb_img_attachment_id":0,"_seopress_social_fb_img_width":0,"_seopress_social_fb_img_height":0,"_seopress_social_twitter_title":"","_seopress_social_twitter_desc":"","_seopress_social_twitter_img":"","_seopress_social_twitter_img_attachment_id":0,"_seopress_social_twitter_img_width":0,"_seopress_social_twitter_img_height":0,"_seopress_redirections_value":"","_seopress_redirections_enabled":"","_seopress_redirections_enabled_regex":"","_seopress_redirections_logged_status":"","_seopress_redirections_param":"","_seopress_redirections_type":0,"_seopress_analysis_target_kw":"","footnotes":""},"categories":[6],"tags":[48],"class_list":["post-157","post","type-post","status-publish","format-standard","has-post-thumbnail","hentry","category-emploi","tag-cv-premier-emploi-modele-et-rubriques-essentielles"],"_links":{"self":[{"href":"https:\/\/stage-in.fr\/blog\/wp-json\/wp\/v2\/posts\/157","targetHints":{"allow":["GET"]}}],"collection":[{"href":"https:\/\/stage-in.fr\/blog\/wp-json\/wp\/v2\/posts"}],"about":[{"href":"https:\/\/stage-in.fr\/blog\/wp-json\/wp\/v2\/types\/post"}],"author":[{"embeddable":true,"href":"https:\/\/stage-in.fr\/blog\/wp-json\/wp\/v2\/users\/1"}],"replies":[{"embeddable":true,"href":"https:\/\/stage-in.fr\/blog\/wp-json\/wp\/v2\/comments?post=157"}],"version-history":[{"count":1,"href":"https:\/\/stage-in.fr\/blog\/wp-json\/wp\/v2\/posts\/157\/revisions"}],"predecessor-version":[{"id":158,"href":"https:\/\/stage-in.fr\/blog\/wp-json\/wp\/v2\/posts\/157\/revisions\/158"}],"wp:featuredmedia":[{"embeddable":true,"href":"https:\/\/stage-in.fr\/blog\/wp-json\/wp\/v2\/media\/156"}],"wp:attachment":[{"href":"https:\/\/stage-in.fr\/blog\/wp-json\/wp\/v2\/media?parent=157"}],"wp:term":[{"taxonomy":"category","embeddable":true,"href":"https:\/\/stage-in.fr\/blog\/wp-json\/wp\/v2\/categories?post=157"},{"taxonomy":"post_tag","embeddable":true,"href":"https:\/\/stage-in.fr\/blog\/wp-json\/wp\/v2\/tags?post=157"}],"curies":[{"name":"wp","href":"https:\/\/api.w.org\/{rel}","templated":true}]}}