{"id":193,"date":"2026-08-15T09:57:35","date_gmt":"2026-08-15T07:57:35","guid":{"rendered":"https:\/\/stage-in.fr\/blog\/?p=193"},"modified":"2026-08-15T09:57:35","modified_gmt":"2026-08-15T07:57:35","slug":"cumuler-salariat-et-micro-entreprise-obligations-et-limites","status":"publish","type":"post","link":"https:\/\/stage-in.fr\/blog\/cumuler-salariat-et-micro-entreprise-obligations-et-limites\/","title":{"rendered":"Salariat et micro-entreprise : les r\u00e8gles du cumul"},"content":{"rendered":"<p>Oui, il est g\u00e9n\u00e9ralement possible de cumuler un emploi salari\u00e9 et une micro-entreprise. Ton CDI, ton CDD ou ton temps partiel ne t\u2019interdit pas automatiquement de facturer des clients en dehors de ton poste. Tu dois toutefois v\u00e9rifier ton contrat, rester loyal envers ton employeur, s\u00e9parer strictement les deux activit\u00e9s et remplir les obligations sociales et fiscales de la micro-entreprise.<\/p>\n<h2>Peut-on \u00eatre salari\u00e9 et micro-entrepreneur en m\u00eame temps ?<\/h2>\n<p>Le cumul est autoris\u00e9 dans le secteur priv\u00e9, \u00e0 condition que l\u2019activit\u00e9 ind\u00e9pendante soit compatible avec ton contrat de travail et avec les r\u00e8gles propres \u00e0 ta profession. C\u2019est une mani\u00e8re assez prudente de tester une offre : le salaire couvre tes d\u00e9penses courantes pendant que tu cherches tes premiers clients.<\/p>\n<p>Cette libert\u00e9 ne vaut pas dans toutes les situations. Un agent public rel\u00e8ve de r\u00e8gles de cumul particuli\u00e8res. Certaines professions r\u00e9glement\u00e9es sont incompatibles avec le r\u00e9gime micro ou exigent un dipl\u00f4me, une assurance ou une autorisation. Avant toute d\u00e9claration, v\u00e9rifie donc que l\u2019activit\u00e9 envisag\u00e9e peut bien \u00eatre exerc\u00e9e sous ce r\u00e9gime.<\/p>\n<p>Si ton projet n\u2019est pas encore cadr\u00e9, le pilier <a href=\"https:\/\/stage-in.fr\/blog\/entreprendre-quand-on-est-etudiant-ou-jeune-actif-le-guide-pour-demarrer\/\">entreprendre quand on est \u00e9tudiant ou jeune actif<\/a> t\u2019aide \u00e0 passer d\u2019une id\u00e9e vague \u00e0 une offre testable. Pour les formalit\u00e9s, consulte ensuite les <a href=\"https:\/\/stage-in.fr\/blog\/creer-une-micro-entreprise-quand-on-est-etudiant\/\">\u00e9tapes de cr\u00e9ation d\u2019une micro-entreprise<\/a> : la proc\u00e9dure administrative reste proche, que tu sois \u00e9tudiant, jeune actif ou d\u00e9j\u00e0 salari\u00e9.<\/p>\n<h2>Les quatre v\u00e9rifications \u00e0 faire avant de te lancer<\/h2>\n<table>\n<thead>\n<tr>\n<th>Point \u00e0 contr\u00f4ler<\/th>\n<th>Question concr\u00e8te<\/th>\n<th>R\u00e9flexe utile<\/th>\n<\/tr>\n<\/thead>\n<tbody>\n<tr>\n<td>Contrat de travail<\/td>\n<td>Contient-il une clause d\u2019exclusivit\u00e9, de confidentialit\u00e9 ou une restriction au cumul ?<\/td>\n<td>Relire aussi la convention collective et demander un \u00e9crit en cas de doute.<\/td>\n<\/tr>\n<tr>\n<td>Loyaut\u00e9<\/td>\n<td>Ton activit\u00e9 concurrence-t-elle ton employeur ou vise-t-elle ses clients ?<\/td>\n<td>Choisir une offre, une client\u00e8le et des moyens clairement s\u00e9par\u00e9s.<\/td>\n<\/tr>\n<tr>\n<td>Temps et mat\u00e9riel<\/td>\n<td>Peux-tu travailler uniquement hors de tes horaires salari\u00e9s ?<\/td>\n<td>Utiliser ton ordinateur, ton t\u00e9l\u00e9phone et tes comptes personnels.<\/td>\n<\/tr>\n<tr>\n<td>Ind\u00e9pendance<\/td>\n<td>Choisis-tu tes tarifs, ton organisation et tes clients ?<\/td>\n<td>\u00c9viter une prestation qui reproduit ton poste sous l\u2019autorit\u00e9 d\u2019un seul donneur d\u2019ordre.<\/td>\n<\/tr>\n<\/tbody>\n<\/table>\n<h3>La clause d\u2019exclusivit\u00e9 peut bloquer le cumul<\/h3>\n<p>Un contrat \u00e0 temps plein peut contenir une clause d\u2019exclusivit\u00e9 qui interdit une autre activit\u00e9 professionnelle. Ne l\u2019ignore pas. V\u00e9rifie sa port\u00e9e et demande, si n\u00e9cessaire, une d\u00e9rogation \u00e9crite \u00e0 ton employeur avant la premi\u00e8re mission. Pour un salari\u00e9 \u00e0 temps partiel, le cadre n\u2019est pas identique. Dans tous les cas, une convention ou un accord collectif peut pr\u00e9voir des r\u00e8gles suppl\u00e9mentaires.<\/p>\n<p>Tu n\u2019as pas \u00e0 informer syst\u00e9matiquement ton employeur lorsqu\u2019aucun texte ni aucune clause ne l\u2019exige. En revanche, demander un accord \u00e9crit devient prudent si ton activit\u00e9 se rapproche de son march\u00e9, de ses clients ou de ton m\u00e9tier salari\u00e9. La fiche de <a href=\"https:\/\/entreprendre.service-public.gouv.fr\/vosdroits\/F23264\" rel=\"nofollow noopener\">Service Public Entreprendre sur le cumul<\/a> d\u00e9taille les restrictions \u00e0 contr\u00f4ler.<\/p>\n<h3>L\u2019obligation de loyaut\u00e9 s\u2019applique m\u00eame sans clause<\/h3>\n<p>Ton contrat doit \u00eatre ex\u00e9cut\u00e9 de bonne foi. Concr\u00e8tement, tu ne peux pas d\u00e9tourner un client, exploiter un fichier commercial, r\u00e9v\u00e9ler une information confidentielle ou lancer une activit\u00e9 concurrente qui nuit \u00e0 ton employeur. Tu ne dois pas non plus traiter une commande pendant tes heures de travail salari\u00e9, ni utiliser le mat\u00e9riel ou l\u2019adresse \u00e9lectronique de l\u2019entreprise.<\/p>\n<p>Exemple : tu es charg\u00e9 de communication dans une agence et tu veux cr\u00e9er des sites le soir. Prendre une mission pour un commerce qui n\u2019est pas prospect\u00e9 par l\u2019agence peut \u00eatre envisageable. D\u00e9marcher un client figurant dans son CRM avec ton ordinateur professionnel est une tr\u00e8s mauvaise id\u00e9e, m\u00eame si ton contrat ne parle pas de micro-entreprise.<\/p>\n<h2>Salariat d\u00e9guis\u00e9 : attention si ton employeur devient ton client<\/h2>\n<p>Une micro-entreprise suppose une activit\u00e9 r\u00e9ellement ind\u00e9pendante. Tu choisis en principe ton organisation, n\u00e9gocies tes conditions et assumes un risque commercial. Si une entreprise t\u2019impose les m\u00eames horaires, les m\u00eames consignes et le m\u00eame contr\u00f4le qu\u2019\u00e0 ses salari\u00e9s, la relation peut r\u00e9v\u00e9ler un lien de subordination et \u00eatre requalifi\u00e9e en contrat de travail.<\/p>\n<p>Le risque est particuli\u00e8rement visible si ton employeur te demande de facturer, apr\u00e8s tes heures, une mission identique \u00e0 ton poste habituel. Une facture ne transforme pas automatiquement du travail salari\u00e9 en prestation ind\u00e9pendante. Avant d\u2019accepter, pose quatre questions :<\/p>\n<ul>\n<li>La mission est-elle distincte de mon poste et de mes horaires salari\u00e9s ?<\/li>\n<li>Puis-je fixer mon prix, refuser une demande et organiser librement le travail ?<\/li>\n<li>Utilis\u00e9-je mes propres outils et assume-je la correction d\u2019un livrable ?<\/li>\n<li>Ai-je vocation \u00e0 travailler pour d\u2019autres clients ?<\/li>\n<\/ul>\n<p>Une r\u00e9ponse n\u00e9gative ne suffit pas toujours \u00e0 qualifier la relation, mais plusieurs signaux r\u00e9unis justifient de faire v\u00e9rifier le montage avant de facturer.<\/p>\n<h2>Quelles obligations pour la micro-entreprise en plus du salaire ?<\/h2>\n<p>Le cumul ne fusionne pas les deux activit\u00e9s. Ton employeur continue de pr\u00e9lever les cotisations li\u00e9es au salaire. De ton c\u00f4t\u00e9, tu dois d\u00e9clarer le chiffre d\u2019affaires encaiss\u00e9 par la micro-entreprise \u00e0 l\u2019Urssaf, chaque mois ou chaque trimestre selon l\u2019option choisie. La d\u00e9claration reste obligatoire m\u00eame lorsque le chiffre d\u2019affaires est nul.<\/p>\n<p>Les cotisations de la micro-entreprise sont calcul\u00e9es sur ce chiffre d\u2019affaires. Tes d\u00e9penses professionnelles ne sont pas d\u00e9duites une par une dans ce r\u00e9gime. Avant de fixer un tarif, pr\u00e9vois donc les cotisations, l\u2019imp\u00f4t \u00e9ventuel, l\u2019assurance, les logiciels et les p\u00e9riodes sans client. Un chiffre d\u2019affaires de 500 euros n\u2019est jamais l\u2019\u00e9quivalent de 500 euros disponibles.<\/p>\n<p>Tu dois aussi :<\/p>\n<ul>\n<li>\u00e9mettre des factures conformes et conserver les justificatifs ;<\/li>\n<li>tenir le livre des recettes et, si ton activit\u00e9 l\u2019exige, le registre des achats ;<\/li>\n<li>surveiller les seuils applicables au r\u00e9gime micro et \u00e0 la TVA ;<\/li>\n<li>utiliser un compte bancaire d\u00e9di\u00e9 lorsque les conditions l\u00e9gales l\u2019imposent ;<\/li>\n<li>v\u00e9rifier les assurances ou qualifications obligatoires pour ton m\u00e9tier.<\/li>\n<\/ul>\n<p>Les seuils et les taux peuvent \u00e9voluer. Appuie-toi sur le <a href=\"https:\/\/entreprendre.service-public.gouv.fr\/vosdroits\/F37398\" rel=\"nofollow noopener\">r\u00e9capitulatif officiel du r\u00e9gime micro-entrepreneur<\/a> plut\u00f4t que sur une ancienne vid\u00e9o ou un tableau non dat\u00e9.<\/p>\n<h2>Comment d\u00e9clarer les revenus du salaire et de la micro-entreprise ?<\/h2>\n<p>Tu cotises sur les deux activit\u00e9s : sur la fiche de paie pour le salariat, puis sur le chiffre d\u2019affaires pour la micro-entreprise. Cette double cotisation n\u2019ouvre pas automatiquement deux remboursements pour une m\u00eame d\u00e9pense de sant\u00e9. Service Public pr\u00e9cise que le r\u00e9gime comp\u00e9tent pour les prestations d\u00e9pend notamment de l\u2019activit\u00e9 exerc\u00e9e avant le cumul, avec une possibilit\u00e9 d\u2019option dans certaines situations.<\/p>\n<p>Pour l\u2019imp\u00f4t sur le revenu, le salaire est d\u00e9clar\u00e9 dans la cat\u00e9gorie \u00ab traitements et salaires \u00bb. Le chiffre d\u2019affaires de la micro-entreprise est d\u00e9clar\u00e9 s\u00e9par\u00e9ment dans la cat\u00e9gorie micro-BIC ou micro-BNC selon l\u2019activit\u00e9. L\u2019administration applique ensuite le m\u00e9canisme fiscal correspondant \u00e0 ton r\u00e9gime, sauf option valable pour le versement lib\u00e9ratoire.<\/p>\n<p>Ne confonds pas la d\u00e9claration p\u00e9riodique \u00e0 l\u2019Urssaf et la d\u00e9claration annuelle aux imp\u00f4ts : faire l\u2019une ne dispense pas de l\u2019autre. Si tu cumules aussi \u00e9tudes et activit\u00e9 ind\u00e9pendante, l\u2019article sur les <a href=\"https:\/\/stage-in.fr\/blog\/etudiant-et-micro-entrepreneur-impots-bourse-et-securite-sociale\/\">imp\u00f4ts et la protection sociale de l\u2019\u00e9tudiant micro-entrepreneur<\/a> traite les cons\u00e9quences propres \u00e0 cette situation.<\/p>\n<h2>Une m\u00e9thode simple pour cumuler sans te mettre en difficult\u00e9<\/h2>\n<p>Commence petit. Bloque deux cr\u00e9neaux fixes par semaine, choisis une offre facile \u00e0 livrer et limite le nombre de clients. Cr\u00e9e un espace de travail s\u00e9par\u00e9, avec ta propre adresse \u00e9lectronique et tes propres fichiers. Note chaque encaissement d\u00e8s qu\u2019il arrive et mets imm\u00e9diatement de c\u00f4t\u00e9 la part destin\u00e9e aux cotisations et \u00e0 l\u2019imp\u00f4t.<\/p>\n<p>Fais un point apr\u00e8s deux ou trois mois : revenu net r\u00e9el, temps pass\u00e9, fatigue et impact sur ton emploi. Si les missions d\u00e9bordent r\u00e9guli\u00e8rement sur tes horaires salari\u00e9s ou nuisent \u00e0 ton repos, le probl\u00e8me n\u2019est plus administratif. Il faut r\u00e9duire la charge, ren\u00e9gocier ton temps de travail ou pr\u00e9parer une transition. Le bon cumul est celui qui reste l\u00e9gal, lisible pour l\u2019employeur et soutenable pour toi.<\/p>\n","protected":false},"excerpt":{"rendered":"<p>Contrat, loyaut\u00e9, cotisations, imp\u00f4ts : les v\u00e9rifications \u00e0 faire avant de cumuler un emploi salari\u00e9 et une micro-entreprise.<\/p>\n","protected":false},"author":1,"featured_media":192,"comment_status":"closed","ping_status":"closed","sticky":false,"template":"","format":"standard","meta":{"_seopress_titles_title":"Salariat et micro-entreprise : r\u00e8gles et limites","_seopress_titles_desc":"Contrat, loyaut\u00e9, cotisations, imp\u00f4ts : les v\u00e9rifications \u00e0 faire avant de cumuler un emploi salari\u00e9 et une micro-entreprise.","_seopress_robots_index":"","_seopress_robots_follow":"","_seopress_robots_imageindex":"","_seopress_robots_snippet":"","_seopress_robots_primary_cat":"","_seopress_robots_breadcrumbs":"","_seopress_robots_freeze_modified_date":"","_seopress_robots_custom_modified_date":"","_seopress_robots_canonical":"","_seopress_social_fb_title":"","_seopress_social_fb_desc":"","_seopress_social_fb_img":"","_seopress_social_fb_img_attachment_id":0,"_seopress_social_fb_img_width":0,"_seopress_social_fb_img_height":0,"_seopress_social_twitter_title":"","_seopress_social_twitter_desc":"","_seopress_social_twitter_img":"","_seopress_social_twitter_img_attachment_id":0,"_seopress_social_twitter_img_width":0,"_seopress_social_twitter_img_height":0,"_seopress_redirections_value":"","_seopress_redirections_enabled":"","_seopress_redirections_enabled_regex":"","_seopress_redirections_logged_status":"","_seopress_redirections_param":"","_seopress_redirections_type":0,"_seopress_analysis_target_kw":"","footnotes":""},"categories":[7],"tags":[60],"class_list":["post-193","post","type-post","status-publish","format-standard","has-post-thumbnail","hentry","category-business","tag-cumuler-salariat-et-micro-entreprise-obligations-et-limites"],"_links":{"self":[{"href":"https:\/\/stage-in.fr\/blog\/wp-json\/wp\/v2\/posts\/193","targetHints":{"allow":["GET"]}}],"collection":[{"href":"https:\/\/stage-in.fr\/blog\/wp-json\/wp\/v2\/posts"}],"about":[{"href":"https:\/\/stage-in.fr\/blog\/wp-json\/wp\/v2\/types\/post"}],"author":[{"embeddable":true,"href":"https:\/\/stage-in.fr\/blog\/wp-json\/wp\/v2\/users\/1"}],"replies":[{"embeddable":true,"href":"https:\/\/stage-in.fr\/blog\/wp-json\/wp\/v2\/comments?post=193"}],"version-history":[{"count":1,"href":"https:\/\/stage-in.fr\/blog\/wp-json\/wp\/v2\/posts\/193\/revisions"}],"predecessor-version":[{"id":194,"href":"https:\/\/stage-in.fr\/blog\/wp-json\/wp\/v2\/posts\/193\/revisions\/194"}],"wp:featuredmedia":[{"embeddable":true,"href":"https:\/\/stage-in.fr\/blog\/wp-json\/wp\/v2\/media\/192"}],"wp:attachment":[{"href":"https:\/\/stage-in.fr\/blog\/wp-json\/wp\/v2\/media?parent=193"}],"wp:term":[{"taxonomy":"category","embeddable":true,"href":"https:\/\/stage-in.fr\/blog\/wp-json\/wp\/v2\/categories?post=193"},{"taxonomy":"post_tag","embeddable":true,"href":"https:\/\/stage-in.fr\/blog\/wp-json\/wp\/v2\/tags?post=193"}],"curies":[{"name":"wp","href":"https:\/\/api.w.org\/{rel}","templated":true}]}}