{"id":232,"date":"2026-08-21T17:54:51","date_gmt":"2026-08-21T15:54:51","guid":{"rendered":"https:\/\/stage-in.fr\/blog\/?p=232"},"modified":"2026-08-21T17:54:51","modified_gmt":"2026-08-21T15:54:51","slug":"contrat-de-professionnalisation-public-duree-et-regles","status":"publish","type":"post","link":"https:\/\/stage-in.fr\/blog\/contrat-de-professionnalisation-public-duree-et-regles\/","title":{"rendered":"Contrat de professionnalisation : qui peut signer et pour combien de temps ?"},"content":{"rendered":"<p>Le contrat de professionnalisation est ouvert aux jeunes de 16 \u00e0 25 ans r\u00e9volus, aux demandeurs d\u2019emploi de 26 ans et plus, ainsi qu\u2019\u00e0 certains b\u00e9n\u00e9ficiaires de minima sociaux ou anciens titulaires d\u2019un contrat aid\u00e9. Il peut prendre la forme d\u2019un CDD ou d\u2019un CDI. La p\u00e9riode de professionnalisation dure en principe de 6 \u00e0 12 mois, avec des extensions possibles jusqu\u2019\u00e0 24 ou 36 mois selon l\u2019accord de branche et la situation du salari\u00e9.<\/p>\n<p>Ce dispositif associe un vrai contrat de travail, une formation th\u00e9orique et une activit\u00e9 en entreprise. Il rel\u00e8ve de la formation professionnelle continue. Pour comprendre sa place parmi les diff\u00e9rentes formules, commence par le <a href=\"https:\/\/stage-in.fr\/blog\/lalternance-le-guide-complet-pour-choisir-sa-formation-et-trouver-une-entreprise\/\">guide de l\u2019alternance de Stage-In<\/a>.<\/p>\n<h2>Qui peut signer un contrat de professionnalisation ?<\/h2>\n<p>L\u2019\u00e2ge ne suffit pas \u00e0 r\u00e9pondre. Il faut regarder \u00e0 la fois ton \u00e2ge et ta situation au moment de la signature.<\/p>\n<table>\n<thead>\n<tr>\n<th>Situation<\/th>\n<th>\u00c9ligibilit\u00e9 g\u00e9n\u00e9rale<\/th>\n<th>V\u00e9rification utile<\/th>\n<\/tr>\n<\/thead>\n<tbody>\n<tr>\n<td>De 16 \u00e0 25 ans r\u00e9volus<\/td>\n<td>Oui, pour compl\u00e9ter la formation initiale<\/td>\n<td>Qualification pr\u00e9par\u00e9e et conditions de l\u2019organisme<\/td>\n<\/tr>\n<tr>\n<td>\u00c0 partir de 26 ans<\/td>\n<td>Oui si tu es demandeur d\u2019emploi<\/td>\n<td>Inscription \u00e0 France Travail<\/td>\n<\/tr>\n<tr>\n<td>B\u00e9n\u00e9ficiaire du RSA, de l\u2019ASS ou de l\u2019AAH<\/td>\n<td>Oui, sans condition d\u2019\u00e2ge li\u00e9e \u00e0 la cat\u00e9gorie<\/td>\n<td>Justificatif de la situation<\/td>\n<\/tr>\n<tr>\n<td>Personne sortant d\u2019un contrat unique d\u2019insertion<\/td>\n<td>Oui<\/td>\n<td>Situation \u00e0 faire confirmer avant le montage du contrat<\/td>\n<\/tr>\n<\/tbody>\n<\/table>\n<p>\u00c0 24 ans, tu peux donc \u00eatre \u00e9ligible m\u00eame sans \u00eatre inscrit \u00e0 France Travail. \u00c0 28 ans, l\u2019inscription comme demandeur d\u2019emploi devient en principe le point d\u2019entr\u00e9e. Une personne qui per\u00e7oit le RSA, l\u2019ASS ou l\u2019AAH rel\u00e8ve, elle, d\u2019une cat\u00e9gorie sp\u00e9cifique.<\/p>\n<p>Attention au mot \u00ab public \u00bb dans le sujet : il d\u00e9signe ici les personnes \u00e9ligibles, pas la fonction publique. Les employeurs priv\u00e9s et associatifs peuvent conclure ce contrat. Dans le secteur public, les administrations, les collectivit\u00e9s territoriales et les \u00e9tablissements publics administratifs ne le peuvent pas. Seuls les \u00e9tablissements publics industriels et commerciaux, les Epic, sont admis.<\/p>\n<h2>Quelle est la dur\u00e9e d\u2019un contrat de professionnalisation ?<\/h2>\n<p>La dur\u00e9e habituelle se situe entre 6 et 12 mois. Mais il faut distinguer le contrat lui-m\u00eame de l\u2019action de professionnalisation.<\/p>\n<h3>En CDD, le contrat couvre la p\u00e9riode de professionnalisation<\/h3>\n<p>Le CDD est conclu pour la dur\u00e9e de la formation pr\u00e9vue. Une extension jusqu\u2019\u00e0 24 mois est possible lorsqu\u2019un accord de branche le pr\u00e9voit pour les publics ou qualifications concern\u00e9s.<\/p>\n<p>La dur\u00e9e peut atteindre 36 mois pour certains publics prioritaires, notamment des demandeurs d\u2019emploi inscrits depuis plus d\u2019un an, des b\u00e9n\u00e9ficiaires du RSA, de l\u2019ASS ou de l\u2019AAH, des personnes sortant d\u2019un contrat unique d\u2019insertion, ou certains jeunes sans qualification. Ce plafond n\u2019est pas automatique : l\u2019employeur et l\u2019organisme doivent v\u00e9rifier le fondement applicable au dossier.<\/p>\n<h3>En CDI, seule la premi\u00e8re p\u00e9riode est en alternance<\/h3>\n<p>Le CDI commence par une action de professionnalisation de 6 \u00e0 12 mois en principe. Elle peut, elle aussi, \u00eatre port\u00e9e \u00e0 24 ou 36 mois dans les cas pr\u00e9vus. Une fois cette p\u00e9riode termin\u00e9e, le CDI continue normalement. Autrement dit, \u00ab contrat pro en CDI \u00bb ne signifie pas que le CDI s\u2019arr\u00eate avec la formation.<\/p>\n<p>Un CDD peut \u00eatre renouvel\u00e9 une fois dans des situations pr\u00e9cises, par exemple pour pr\u00e9parer une qualification sup\u00e9rieure ou compl\u00e9mentaire. Un renouvellement est \u00e9galement envisageable apr\u00e8s un \u00e9chec \u00e0 la qualification, une maladie, un accident du travail, une maternit\u00e9, une adoption ou une insuffisance des cours. Ne pars pas du principe qu\u2019un second contrat sera accept\u00e9 : le motif et la nouvelle dur\u00e9e doivent \u00eatre justifi\u00e9s.<\/p>\n<h2>Quelles r\u00e8gles encadrent la formation ?<\/h2>\n<p>La formation ne doit pas \u00eatre une option ajout\u00e9e \u00e0 un poste classique. Elle fait partie du contrat et se d\u00e9roule pendant le temps de travail.<\/p>\n<ul>\n<li>Elle repr\u00e9sente en principe de 15 % \u00e0 25 % de la dur\u00e9e du CDD ou de l\u2019action de professionnalisation.<\/li>\n<li>Elle ne peut pas \u00eatre inf\u00e9rieure \u00e0 150 heures par an.<\/li>\n<li>Elle doit pr\u00e9parer une qualification reconnue : titre ou dipl\u00f4me enregistr\u00e9 au RNCP, certificat de qualification professionnelle ou qualification reconnue par une convention collective de branche.<\/li>\n<li>Elle est gratuite pour le salari\u00e9.<\/li>\n<li>Les actions d\u2019\u00e9valuation, d\u2019accompagnement et d\u2019enseignement doivent commencer dans les deux mois suivant la signature.<\/li>\n<\/ul>\n<p>Exemple : pour une p\u00e9riode de 12 mois, un simple atelier ponctuel ne suffit pas. Le calendrier doit montrer de vraies s\u00e9quences de formation, reli\u00e9es \u00e0 la qualification pr\u00e9par\u00e9e et aux missions confi\u00e9es en entreprise.<\/p>\n<h2>Quel statut et quels droits pendant le contrat ?<\/h2>\n<p>Tu es salari\u00e9, pas stagiaire. Tu per\u00e7ois un salaire, acquiers des cong\u00e9s pay\u00e9s et b\u00e9n\u00e9ficies des r\u00e8gles collectives de l\u2019entreprise si tu remplis leurs conditions. Le temps pass\u00e9 en formation compte comme du temps de travail effectif.<\/p>\n<p>L\u2019employeur doit te confier un emploi en lien avec l\u2019objectif professionnel et d\u00e9signer un tuteur. Celui-ci t\u2019accueille, suit ta progression, aide \u00e0 organiser les activit\u00e9s et fait le lien avec l\u2019organisme de formation. De ton c\u00f4t\u00e9, tu dois travailler pour l\u2019employeur et suivre la formation pr\u00e9vue.<\/p>\n<p>La r\u00e9mun\u00e9ration minimale varie selon l\u2019\u00e2ge et, avant 26 ans, selon le niveau de qualification d\u00e9tenu avant le contrat. Une convention collective peut pr\u00e9voir mieux. Les montants en euros \u00e9voluant avec le Smic, v\u00e9rifie la grille officielle au moment de signer plut\u00f4t que de reprendre un tableau ancien.<\/p>\n<h2>Quelles v\u00e9rifications faire avant de signer ?<\/h2>\n<p>Demande le projet de contrat et le descriptif d\u00e9taill\u00e9 de la formation. Puis contr\u00f4le ces points dans l\u2019ordre :<\/p>\n<ol>\n<li><strong>Ton \u00e9ligibilit\u00e9 :<\/strong> \u00e2ge, inscription \u00e9ventuelle \u00e0 France Travail et justificatif de ta situation.<\/li>\n<li><strong>La qualification :<\/strong> intitul\u00e9 exact, organisme certificateur et fiche RNCP ou reconnaissance de branche.<\/li>\n<li><strong>La forme du contrat :<\/strong> CDD ou CDI, dates, p\u00e9riode d\u2019essai \u00e9ventuelle et conditions de rupture.<\/li>\n<li><strong>Le rythme :<\/strong> calendrier des cours, horaires en entreprise et temps de trajet r\u00e9aliste.<\/li>\n<li><strong>La r\u00e9mun\u00e9ration :<\/strong> minimum l\u00e9gal et minimum conventionnel, en retenant le plus favorable.<\/li>\n<li><strong>L\u2019accompagnement :<\/strong> nom du tuteur, missions confi\u00e9es et points de suivi pr\u00e9vus.<\/li>\n<\/ol>\n<p>Le contrat \u00e9crit est \u00e9tabli avec le Cerfa 12434 et doit pr\u00e9ciser notamment l\u2019emploi occup\u00e9, le temps de travail, le salaire et les actions de professionnalisation. L\u2019employeur le transmet \u00e0 son op\u00e9rateur de comp\u00e9tences dans les cinq jours calendaires suivant la signature. L\u2019Opco contr\u00f4le sa conformit\u00e9 et d\u00e9cide de la prise en charge.<\/p>\n<p>Si une \u00e9cole te promet un contrat sans pouvoir nommer la qualification, l\u2019Opco ou la branche concern\u00e9e, ralentis. Une brochure commerciale ne remplace pas un montage conforme. La fiche officielle de <a href=\"https:\/\/www.service-public.gouv.fr\/particuliers\/vosdroits\/F15478\" rel=\"noopener\">Service Public<\/a> permet de v\u00e9rifier les r\u00e8gles \u00e0 jour, et le <a href=\"https:\/\/www.service-public.gouv.fr\/particuliers\/vosdroits\/R10338\" rel=\"noopener\">Cerfa officiel<\/a> montre les informations attendues.<\/p>\n<h2>Contrat pro ou apprentissage : ne choisis pas seulement selon l\u2019\u00e2ge<\/h2>\n<p>Le contrat de professionnalisation vise surtout une qualification et l\u2019insertion ou la r\u00e9insertion professionnelle. L\u2019apprentissage s\u2019inscrit davantage dans la formation initiale et suit g\u00e9n\u00e9ralement un cycle dipl\u00f4mant. Les publics, les dur\u00e9es, le financement et le mode de calcul du salaire diff\u00e8rent.<\/p>\n<p>Si une formation accepte les deux montages, compare-les avec le <a href=\"https:\/\/stage-in.fr\/blog\/contrat-dapprentissage-ou-de-professionnalisation-differences\/\">comparatif entre apprentissage et professionnalisation<\/a>. Tu peux aussi v\u00e9rifier en d\u00e9tail <a href=\"https:\/\/stage-in.fr\/blog\/contrat-dapprentissage-age-duree-et-conditions\/\">les conditions du contrat d\u2019apprentissage<\/a>. Le bon contrat est celui que ton profil, la qualification, l\u2019employeur et l\u2019organisme peuvent r\u00e9ellement s\u00e9curiser, pas celui dont le nom semble le plus avantageux.<\/p>\n","protected":false},"excerpt":{"rendered":"<p>Qui peut signer un contrat de professionnalisation ? V\u00e9rifie la dur\u00e9e, le format CDD ou CDI, la formation et les r\u00e8gles avant de t\u2019engager.<\/p>\n","protected":false},"author":1,"featured_media":231,"comment_status":"closed","ping_status":"closed","sticky":false,"template":"","format":"standard","meta":{"_seopress_titles_title":"Contrat de professionnalisation : public, dur\u00e9e et r\u00e8gles","_seopress_titles_desc":"Qui peut signer un contrat de professionnalisation ? V\u00e9rifie la dur\u00e9e, le format CDD ou CDI, la formation et les r\u00e8gles avant de t\u2019engager.","_seopress_robots_index":"","_seopress_robots_follow":"","_seopress_robots_imageindex":"","_seopress_robots_snippet":"","_seopress_robots_primary_cat":"","_seopress_robots_breadcrumbs":"","_seopress_robots_freeze_modified_date":"","_seopress_robots_custom_modified_date":"","_seopress_robots_canonical":"","_seopress_social_fb_title":"","_seopress_social_fb_desc":"","_seopress_social_fb_img":"","_seopress_social_fb_img_attachment_id":0,"_seopress_social_fb_img_width":0,"_seopress_social_fb_img_height":0,"_seopress_social_twitter_title":"","_seopress_social_twitter_desc":"","_seopress_social_twitter_img":"","_seopress_social_twitter_img_attachment_id":0,"_seopress_social_twitter_img_width":0,"_seopress_social_twitter_img_height":0,"_seopress_redirections_value":"","_seopress_redirections_enabled":"","_seopress_redirections_enabled_regex":"","_seopress_redirections_logged_status":"","_seopress_redirections_param":"","_seopress_redirections_type":0,"_seopress_analysis_target_kw":"","footnotes":""},"categories":[3],"tags":[73],"class_list":["post-232","post","type-post","status-publish","format-standard","has-post-thumbnail","hentry","category-alternance","tag-contrat-de-professionnalisation-public-duree-et-regles"],"_links":{"self":[{"href":"https:\/\/stage-in.fr\/blog\/wp-json\/wp\/v2\/posts\/232","targetHints":{"allow":["GET"]}}],"collection":[{"href":"https:\/\/stage-in.fr\/blog\/wp-json\/wp\/v2\/posts"}],"about":[{"href":"https:\/\/stage-in.fr\/blog\/wp-json\/wp\/v2\/types\/post"}],"author":[{"embeddable":true,"href":"https:\/\/stage-in.fr\/blog\/wp-json\/wp\/v2\/users\/1"}],"replies":[{"embeddable":true,"href":"https:\/\/stage-in.fr\/blog\/wp-json\/wp\/v2\/comments?post=232"}],"version-history":[{"count":1,"href":"https:\/\/stage-in.fr\/blog\/wp-json\/wp\/v2\/posts\/232\/revisions"}],"predecessor-version":[{"id":233,"href":"https:\/\/stage-in.fr\/blog\/wp-json\/wp\/v2\/posts\/232\/revisions\/233"}],"wp:featuredmedia":[{"embeddable":true,"href":"https:\/\/stage-in.fr\/blog\/wp-json\/wp\/v2\/media\/231"}],"wp:attachment":[{"href":"https:\/\/stage-in.fr\/blog\/wp-json\/wp\/v2\/media?parent=232"}],"wp:term":[{"taxonomy":"category","embeddable":true,"href":"https:\/\/stage-in.fr\/blog\/wp-json\/wp\/v2\/categories?post=232"},{"taxonomy":"post_tag","embeddable":true,"href":"https:\/\/stage-in.fr\/blog\/wp-json\/wp\/v2\/tags?post=232"}],"curies":[{"name":"wp","href":"https:\/\/api.w.org\/{rel}","templated":true}]}}