{"id":25,"count":1,"description":"","link":"https:\/\/stage-in.fr\/blog\/tag\/cv-pour-une-alternance-modele-et-competences-a-mettre-en-avant\/","name":"CV pour une alternance : mod\u00e8le et comp\u00e9tences \u00e0 mettre en avant","slug":"cv-pour-une-alternance-modele-et-competences-a-mettre-en-avant","taxonomy":"post_tag","meta":[],"_links":{"self":[{"href":"https:\/\/stage-in.fr\/blog\/wp-json\/wp\/v2\/tags\/25","targetHints":{"allow":["GET"]}}],"collection":[{"href":"https:\/\/stage-in.fr\/blog\/wp-json\/wp\/v2\/tags"}],"about":[{"href":"https:\/\/stage-in.fr\/blog\/wp-json\/wp\/v2\/taxonomies\/post_tag"}],"wp:post_type":[{"href":"https:\/\/stage-in.fr\/blog\/wp-json\/wp\/v2\/posts?tags=25"}],"curies":[{"name":"wp","href":"https:\/\/api.w.org\/{rel}","templated":true}]}}